{"id":226,"date":"2024-09-06T12:10:02","date_gmt":"2024-09-06T10:10:02","guid":{"rendered":"https:\/\/union-musicale-salbris.fr\/?p=226"},"modified":"2024-09-06T12:10:02","modified_gmt":"2024-09-06T10:10:02","slug":"derniere-ligne-droite","status":"publish","type":"post","link":"https:\/\/union-musicale-salbris.fr\/index.php\/2024\/09\/06\/derniere-ligne-droite\/","title":{"rendered":"Derni\u00e8re ligne droite&#8230;"},"content":{"rendered":"\n<p>&#8230;pour les inscriptions.<br>Si vous \u00eates encore ind\u00e9cis, voici une pr\u00e9cision sur les horaires des cours, si vous \u00eates aussi disponible \u00e0 ces moments l\u00e0, n&rsquo;h\u00e9sitez pas \u00e0 nous contacter :<\/p>\n\n\n\n<p><strong>Piano \/ Violoncelle<\/strong> : le samedi (et potentiellement le mardi selon le nombre d&rsquo;inscrits)<br><strong>Fl\u00fbte <\/strong>: les mardis et samedi<br><strong>Saxophone <\/strong>: lundi et mardi<br><strong>Percussions <\/strong>: mardi apr\u00e8s-midi et mercredi<br><strong>Clarinette <\/strong>: mardi<br><strong>Trompette <\/strong>: mardi<br><strong>Guitare <\/strong>: lundi, et mercredi<br><br>Jardin musical: jeudi \u00e0 17H<br>Eveil et initiation : certainement le mercredi matin<br>Atelier percussion : mardi<\/p>\n\n\n\n<p>Retrouvez-nous pour la derni\u00e8re matin\u00e9e des portes ouvertes, <strong>samedi 7 septembre<\/strong>, de <strong>9H \u00e0 12h<\/strong>.<br><\/p>\n","protected":false},"excerpt":{"rendered":"<p>&#8230;pour les inscriptions.Si vous \u00eates encore ind\u00e9cis, voici une pr\u00e9cision sur les horaires des cours, si vous \u00eates aussi disponible<span class=\"more-dots\">&#8230;<\/span> <span class=\"more-tag d-block mt-15\"><a class=\"more-link wp-block-button__link icon-inline\" href=\"https:\/\/union-musicale-salbris.fr\/index.php\/2024\/09\/06\/derniere-ligne-droite\/\">Tout lire<span class=\"screen-reader-text\"> \"Derni\u00e8re ligne droite&#8230;\"<\/span><\/a><\/span><!-- .more-tag --><\/p>\n","protected":false},"author":1,"featured_media":0,"comment_status":"closed","ping_status":"open","sticky":false,"template":"","format":"standard","meta":{"footnotes":""},"categories":[8],"tags":[],"class_list":["post-226","post","type-post","status-publish","format-standard","hentry","category-annonce","no-post-thumbnail"],"yoast_head":"<!-- This site is optimized with the Yoast SEO plugin v26.5 - https:\/\/yoast.com\/wordpress\/plugins\/seo\/ -->\n<title>Derni\u00e8re ligne droite... - Union Musicale de Salbris<\/title>\n<meta name=\"robots\" content=\"index, follow, max-snippet:-1, max-image-preview:large, max-video-preview:-1\" \/>\n<link rel=\"canonical\" href=\"https:\/\/union-musicale-salbris.fr\/index.php\/2024\/09\/06\/derniere-ligne-droite\/\" \/>\n<meta property=\"og:locale\" content=\"fr_FR\" \/>\n<meta property=\"og:type\" content=\"article\" \/>\n<meta property=\"og:title\" content=\"Derni\u00e8re ligne droite... - Union Musicale de Salbris\" \/>\n<meta property=\"og:description\" content=\"&#8230;pour les inscriptions.Si vous \u00eates encore ind\u00e9cis, voici une pr\u00e9cision sur les horaires des cours, si vous \u00eates aussi disponible...\" \/>\n<meta property=\"og:url\" content=\"https:\/\/union-musicale-salbris.fr\/index.php\/2024\/09\/06\/derniere-ligne-droite\/\" \/>\n<meta property=\"og:site_name\" content=\"Union Musicale de Salbris\" \/>\n<meta property=\"article:publisher\" content=\"https:\/\/www.facebook.com\/unionmusicale.salbris\/\" \/>\n<meta property=\"article:published_time\" content=\"2024-09-06T10:10:02+00:00\" \/>\n<meta name=\"author\" content=\"Administrateur\" \/>\n<meta name=\"twitter:card\" content=\"summary_large_image\" \/>\n<meta name=\"twitter:label1\" content=\"\u00c9crit par\" \/>\n\t<meta name=\"twitter:data1\" content=\"Administrateur\" \/>\n\t<meta name=\"twitter:label2\" content=\"Dur\u00e9e de lecture estim\u00e9e\" \/>\n\t<meta name=\"twitter:data2\" content=\"1 minute\" \/>\n<script type=\"application\/ld+json\" class=\"yoast-schema-graph\">{\"@context\":\"https:\/\/schema.org\",\"@graph\":[{\"@type\":\"Article\",\"@id\":\"https:\/\/union-musicale-salbris.fr\/index.php\/2024\/09\/06\/derniere-ligne-droite\/#article\",\"isPartOf\":{\"@id\":\"https:\/\/union-musicale-salbris.fr\/index.php\/2024\/09\/06\/derniere-ligne-droite\/\"},\"author\":{\"name\":\"Administrateur\",\"@id\":\"https:\/\/union-musicale-salbris.fr\/#\/schema\/person\/08ca1115733ce2ba6802761a84f69c3b\"},\"headline\":\"Derni\u00e8re ligne droite&#8230;\",\"datePublished\":\"2024-09-06T10:10:02+00:00\",\"mainEntityOfPage\":{\"@id\":\"https:\/\/union-musicale-salbris.fr\/index.php\/2024\/09\/06\/derniere-ligne-droite\/\"},\"wordCount\":98,\"publisher\":{\"@id\":\"https:\/\/union-musicale-salbris.fr\/#organization\"},\"articleSection\":[\"Annonce\"],\"inLanguage\":\"fr-FR\"},{\"@type\":\"WebPage\",\"@id\":\"https:\/\/union-musicale-salbris.fr\/index.php\/2024\/09\/06\/derniere-ligne-droite\/\",\"url\":\"https:\/\/union-musicale-salbris.fr\/index.php\/2024\/09\/06\/derniere-ligne-droite\/\",\"name\":\"Derni\u00e8re ligne droite... - Union Musicale de Salbris\",\"isPartOf\":{\"@id\":\"https:\/\/union-musicale-salbris.fr\/#website\"},\"datePublished\":\"2024-09-06T10:10:02+00:00\",\"breadcrumb\":{\"@id\":\"https:\/\/union-musicale-salbris.fr\/index.php\/2024\/09\/06\/derniere-ligne-droite\/#breadcrumb\"},\"inLanguage\":\"fr-FR\",\"potentialAction\":[{\"@type\":\"ReadAction\",\"target\":[\"https:\/\/union-musicale-salbris.fr\/index.php\/2024\/09\/06\/derniere-ligne-droite\/\"]}]},{\"@type\":\"BreadcrumbList\",\"@id\":\"https:\/\/union-musicale-salbris.fr\/index.php\/2024\/09\/06\/derniere-ligne-droite\/#breadcrumb\",\"itemListElement\":[{\"@type\":\"ListItem\",\"position\":1,\"name\":\"Accueil\",\"item\":\"https:\/\/union-musicale-salbris.fr\/\"},{\"@type\":\"ListItem\",\"position\":2,\"name\":\"Derni\u00e8re ligne droite&#8230;\"}]},{\"@type\":\"WebSite\",\"@id\":\"https:\/\/union-musicale-salbris.fr\/#website\",\"url\":\"https:\/\/union-musicale-salbris.fr\/\",\"name\":\"Union Musicale de Salbris\",\"description\":\"Vivez la musique !\",\"publisher\":{\"@id\":\"https:\/\/union-musicale-salbris.fr\/#organization\"},\"potentialAction\":[{\"@type\":\"SearchAction\",\"target\":{\"@type\":\"EntryPoint\",\"urlTemplate\":\"https:\/\/union-musicale-salbris.fr\/?s={search_term_string}\"},\"query-input\":{\"@type\":\"PropertyValueSpecification\",\"valueRequired\":true,\"valueName\":\"search_term_string\"}}],\"inLanguage\":\"fr-FR\"},{\"@type\":\"Organization\",\"@id\":\"https:\/\/union-musicale-salbris.fr\/#organization\",\"name\":\"Union Musicale de Salbris\",\"url\":\"https:\/\/union-musicale-salbris.fr\/\",\"logo\":{\"@type\":\"ImageObject\",\"inLanguage\":\"fr-FR\",\"@id\":\"https:\/\/union-musicale-salbris.fr\/#\/schema\/logo\/image\/\",\"url\":\"https:\/\/union-musicale-salbris.fr\/wp-content\/uploads\/2024\/03\/UMS_logo_qualite.jpg\",\"contentUrl\":\"https:\/\/union-musicale-salbris.fr\/wp-content\/uploads\/2024\/03\/UMS_logo_qualite.jpg\",\"width\":737,\"height\":403,\"caption\":\"Union Musicale de Salbris\"},\"image\":{\"@id\":\"https:\/\/union-musicale-salbris.fr\/#\/schema\/logo\/image\/\"},\"sameAs\":[\"https:\/\/www.facebook.com\/unionmusicale.salbris\/\",\"https:\/\/www.instagram.com\/union_musicale_de_salbris\"]},{\"@type\":\"Person\",\"@id\":\"https:\/\/union-musicale-salbris.fr\/#\/schema\/person\/08ca1115733ce2ba6802761a84f69c3b\",\"name\":\"Administrateur\",\"sameAs\":[\"http:\/\/union-musicale-salbris.fr\"],\"url\":\"https:\/\/union-musicale-salbris.fr\/index.php\/author\/admin9131\/\"}]}<\/script>\n<!-- \/ Yoast SEO plugin. -->","yoast_head_json":{"title":"Derni\u00e8re ligne droite... - Union Musicale de Salbris","robots":{"index":"index","follow":"follow","max-snippet":"max-snippet:-1","max-image-preview":"max-image-preview:large","max-video-preview":"max-video-preview:-1"},"canonical":"https:\/\/union-musicale-salbris.fr\/index.php\/2024\/09\/06\/derniere-ligne-droite\/","og_locale":"fr_FR","og_type":"article","og_title":"Derni\u00e8re ligne droite... - Union Musicale de Salbris","og_description":"&#8230;pour les inscriptions.Si vous \u00eates encore ind\u00e9cis, voici une pr\u00e9cision sur les horaires des cours, si vous \u00eates aussi disponible...","og_url":"https:\/\/union-musicale-salbris.fr\/index.php\/2024\/09\/06\/derniere-ligne-droite\/","og_site_name":"Union Musicale de Salbris","article_publisher":"https:\/\/www.facebook.com\/unionmusicale.salbris\/","article_published_time":"2024-09-06T10:10:02+00:00","author":"Administrateur","twitter_card":"summary_large_image","twitter_misc":{"\u00c9crit par":"Administrateur","Dur\u00e9e de lecture estim\u00e9e":"1 minute"},"schema":{"@context":"https:\/\/schema.org","@graph":[{"@type":"Article","@id":"https:\/\/union-musicale-salbris.fr\/index.php\/2024\/09\/06\/derniere-ligne-droite\/#article","isPartOf":{"@id":"https:\/\/union-musicale-salbris.fr\/index.php\/2024\/09\/06\/derniere-ligne-droite\/"},"author":{"name":"Administrateur","@id":"https:\/\/union-musicale-salbris.fr\/#\/schema\/person\/08ca1115733ce2ba6802761a84f69c3b"},"headline":"Derni\u00e8re ligne droite&#8230;","datePublished":"2024-09-06T10:10:02+00:00","mainEntityOfPage":{"@id":"https:\/\/union-musicale-salbris.fr\/index.php\/2024\/09\/06\/derniere-ligne-droite\/"},"wordCount":98,"publisher":{"@id":"https:\/\/union-musicale-salbris.fr\/#organization"},"articleSection":["Annonce"],"inLanguage":"fr-FR"},{"@type":"WebPage","@id":"https:\/\/union-musicale-salbris.fr\/index.php\/2024\/09\/06\/derniere-ligne-droite\/","url":"https:\/\/union-musicale-salbris.fr\/index.php\/2024\/09\/06\/derniere-ligne-droite\/","name":"Derni\u00e8re ligne droite... - Union Musicale de Salbris","isPartOf":{"@id":"https:\/\/union-musicale-salbris.fr\/#website"},"datePublished":"2024-09-06T10:10:02+00:00","breadcrumb":{"@id":"https:\/\/union-musicale-salbris.fr\/index.php\/2024\/09\/06\/derniere-ligne-droite\/#breadcrumb"},"inLanguage":"fr-FR","potentialAction":[{"@type":"ReadAction","target":["https:\/\/union-musicale-salbris.fr\/index.php\/2024\/09\/06\/derniere-ligne-droite\/"]}]},{"@type":"BreadcrumbList","@id":"https:\/\/union-musicale-salbris.fr\/index.php\/2024\/09\/06\/derniere-ligne-droite\/#breadcrumb","itemListElement":[{"@type":"ListItem","position":1,"name":"Accueil","item":"https:\/\/union-musicale-salbris.fr\/"},{"@type":"ListItem","position":2,"name":"Derni\u00e8re ligne droite&#8230;"}]},{"@type":"WebSite","@id":"https:\/\/union-musicale-salbris.fr\/#website","url":"https:\/\/union-musicale-salbris.fr\/","name":"Union Musicale de Salbris","description":"Vivez la musique !","publisher":{"@id":"https:\/\/union-musicale-salbris.fr\/#organization"},"potentialAction":[{"@type":"SearchAction","target":{"@type":"EntryPoint","urlTemplate":"https:\/\/union-musicale-salbris.fr\/?s={search_term_string}"},"query-input":{"@type":"PropertyValueSpecification","valueRequired":true,"valueName":"search_term_string"}}],"inLanguage":"fr-FR"},{"@type":"Organization","@id":"https:\/\/union-musicale-salbris.fr\/#organization","name":"Union Musicale de Salbris","url":"https:\/\/union-musicale-salbris.fr\/","logo":{"@type":"ImageObject","inLanguage":"fr-FR","@id":"https:\/\/union-musicale-salbris.fr\/#\/schema\/logo\/image\/","url":"https:\/\/union-musicale-salbris.fr\/wp-content\/uploads\/2024\/03\/UMS_logo_qualite.jpg","contentUrl":"https:\/\/union-musicale-salbris.fr\/wp-content\/uploads\/2024\/03\/UMS_logo_qualite.jpg","width":737,"height":403,"caption":"Union Musicale de Salbris"},"image":{"@id":"https:\/\/union-musicale-salbris.fr\/#\/schema\/logo\/image\/"},"sameAs":["https:\/\/www.facebook.com\/unionmusicale.salbris\/","https:\/\/www.instagram.com\/union_musicale_de_salbris"]},{"@type":"Person","@id":"https:\/\/union-musicale-salbris.fr\/#\/schema\/person\/08ca1115733ce2ba6802761a84f69c3b","name":"Administrateur","sameAs":["http:\/\/union-musicale-salbris.fr"],"url":"https:\/\/union-musicale-salbris.fr\/index.php\/author\/admin9131\/"}]}},"_links":{"self":[{"href":"https:\/\/union-musicale-salbris.fr\/index.php\/wp-json\/wp\/v2\/posts\/226","targetHints":{"allow":["GET"]}}],"collection":[{"href":"https:\/\/union-musicale-salbris.fr\/index.php\/wp-json\/wp\/v2\/posts"}],"about":[{"href":"https:\/\/union-musicale-salbris.fr\/index.php\/wp-json\/wp\/v2\/types\/post"}],"author":[{"embeddable":true,"href":"https:\/\/union-musicale-salbris.fr\/index.php\/wp-json\/wp\/v2\/users\/1"}],"replies":[{"embeddable":true,"href":"https:\/\/union-musicale-salbris.fr\/index.php\/wp-json\/wp\/v2\/comments?post=226"}],"version-history":[{"count":1,"href":"https:\/\/union-musicale-salbris.fr\/index.php\/wp-json\/wp\/v2\/posts\/226\/revisions"}],"predecessor-version":[{"id":227,"href":"https:\/\/union-musicale-salbris.fr\/index.php\/wp-json\/wp\/v2\/posts\/226\/revisions\/227"}],"wp:attachment":[{"href":"https:\/\/union-musicale-salbris.fr\/index.php\/wp-json\/wp\/v2\/media?parent=226"}],"wp:term":[{"taxonomy":"category","embeddable":true,"href":"https:\/\/union-musicale-salbris.fr\/index.php\/wp-json\/wp\/v2\/categories?post=226"},{"taxonomy":"post_tag","embeddable":true,"href":"https:\/\/union-musicale-salbris.fr\/index.php\/wp-json\/wp\/v2\/tags?post=226"}],"curies":[{"name":"wp","href":"https:\/\/api.w.org\/{rel}","templated":true}]}}